{"id":209,"date":"2018-08-13T22:51:16","date_gmt":"2018-08-13T20:51:16","guid":{"rendered":"https:\/\/bohemio.de\/wp\/?p=209"},"modified":"2019-09-12T17:04:31","modified_gmt":"2019-09-12T15:04:31","slug":"tango-unter-freiem-himmel","status":"publish","type":"post","link":"https:\/\/bohemio.de\/wp\/2018\/08\/tango-unter-freiem-himmel\/","title":{"rendered":"Tango unter freiem Himmel"},"content":{"rendered":"\n<p>Tango Bohemio startet in Kooperation mit Tango Vagabundo in die Open-Air  Tanzsaison! In diesem Jahr wird gleich doppelt drau\u00dfen geschwooft! Zum  vierten Mal wird der Hinterhof des Museums W\u00e4schefabrik in Bielefeld zur  Tanzfl\u00e4che unter dem Sternenhimmel. Eine Woche sp\u00e4ter deb\u00fctiert dann die  Tangospielwiese vor der Galerie der Disziplinen in Hamm. Ein buntes  Programm erwartet Euch: Es wird gefeiert, geschwooft, gegrillt, die neueste  Kollektion des Tangomodelabels Maenas pr\u00e4sentiert und es erwartet Euch die  ein oder andere \u00dcberraschung. Also kommt vorbei! <\/p>\n\n\n\n<h3 class=\"wp-block-heading\">Tangospielwiese<\/h3>\n\n\n\n<p>\n\t\t\t\t\tAm 01.09.18 vor dem <a href=\"https:\/\/goo.gl\/maps\/Z8KjfQRE3yn\">Neonweisz<\/a> in Hamm.\n\t\t\t\t\t<\/p>\n\n\n\n<table class=\"wp-block-table\"><tbody><tr><td><strong>16:00-00:00<\/strong><\/td><td>Tango Salon<\/td><\/tr><\/tbody><\/table>\n\n\n\n<h3 class=\"wp-block-heading\">Tangoschwoof im Hinterhof<\/h3>\n\n\n\n<p>Am 24.08.18 im Hinterhof des Restaurants Bartsch vor dem <a href=\"https:\/\/goo.gl\/maps\/r3ZkrdQGwjy\">Museum W\u00e4schefabrik<\/a> in Bielefeld. Nat\u00fcrlich <strong>bei schlechtem Wetter<\/strong> wie gewohnt im gesch\u00fctzten Restaurant Bartsch. <\/p>\n\n\n\n<table class=\"wp-block-table\"><tbody><tr><td><strong>17:00-18:30<\/strong><\/td><td>Nontango Salon mit DJ Lena La Luna<\/td><\/tr><tr><td>18:30-19:00<\/td><td>Gitarrenkl\u00e4nge*<\/td><\/tr><tr><td><strong>19:00-19:45<\/strong><\/td><td>Schnupperkurs<\/td><\/tr><tr><td>19:50-20:10<\/td><td>Gitarrenkl\u00e4nge*<\/td><\/tr><tr><td><strong>20:15-00:01<\/strong><\/td><td>Salon mit DJ Vagabundo<\/td><\/tr><\/tbody><\/table>\n\n\n\n<p>* Livemusik von Thoma Rohl, Gitarrenkl\u00e4nge mit spanischen Einfl\u00fcssen <\/p>\n","protected":false},"excerpt":{"rendered":"<p>Tango Bohemio startet in Kooperation mit Tango Vagabundo in die Open-Air Tanzsaison! In diesem Jahr wird gleich doppelt drau\u00dfen geschwooft! Zum vierten Mal wird der Hinterhof des Museums W\u00e4schefabrik in Bielefeld zur Tanzfl\u00e4che unter dem Sternenhimmel. Eine Woche sp\u00e4ter deb\u00fctiert dann die Tangospielwiese vor der Galerie der Disziplinen in Hamm. Ein buntes Programm erwartet Euch: [&hellip;]<\/p>\n","protected":false},"author":1,"featured_media":463,"comment_status":"open","ping_status":"open","sticky":false,"template":"","format":"standard","meta":{"_eb_attr":"","site-sidebar-layout":"default","site-content-layout":"content-boxed-container","ast-site-content-layout":"default","site-content-style":"default","site-sidebar-style":"default","ast-global-header-display":"","ast-banner-title-visibility":"","ast-main-header-display":"","ast-hfb-above-header-display":"","ast-hfb-below-header-display":"","ast-hfb-mobile-header-display":"","site-post-title":"","ast-breadcrumbs-content":"","ast-featured-img":"","footer-sml-layout":"","theme-transparent-header-meta":"default","adv-header-id-meta":"","stick-header-meta":"","header-above-stick-meta":"","header-main-stick-meta":"","header-below-stick-meta":"","astra-migrate-meta-layouts":"default","ast-page-background-enabled":"default","ast-page-background-meta":{"desktop":{"background-color":"","background-image":"","background-repeat":"repeat","background-position":"center center","background-size":"auto","background-attachment":"scroll","background-type":"","background-media":"","overlay-type":"","overlay-color":"","overlay-opacity":"","overlay-gradient":""},"tablet":{"background-color":"","background-image":"","background-repeat":"repeat","background-position":"center center","background-size":"auto","background-attachment":"scroll","background-type":"","background-media":"","overlay-type":"","overlay-color":"","overlay-opacity":"","overlay-gradient":""},"mobile":{"background-color":"","background-image":"","background-repeat":"repeat","background-position":"center center","background-size":"auto","background-attachment":"scroll","background-type":"","background-media":"","overlay-type":"","overlay-color":"","overlay-opacity":"","overlay-gradient":""}},"ast-content-background-meta":{"desktop":{"background-color":"var(--ast-global-color-5)","background-image":"","background-repeat":"repeat","background-position":"center center","background-size":"auto","background-attachment":"scroll","background-type":"","background-media":"","overlay-type":"","overlay-color":"","overlay-opacity":"","overlay-gradient":""},"tablet":{"background-color":"var(--ast-global-color-5)","background-image":"","background-repeat":"repeat","background-position":"center center","background-size":"auto","background-attachment":"scroll","background-type":"","background-media":"","overlay-type":"","overlay-color":"","overlay-opacity":"","overlay-gradient":""},"mobile":{"background-color":"var(--ast-global-color-5)","background-image":"","background-repeat":"repeat","background-position":"center center","background-size":"auto","background-attachment":"scroll","background-type":"","background-media":"","overlay-type":"","overlay-color":"","overlay-opacity":"","overlay-gradient":""}},"footnotes":""},"categories":[47,28],"tags":[],"class_list":["post-209","post","type-post","status-publish","format-standard","has-post-thumbnail","hentry","category-milonga","category-veranstaltung"],"yoast_head":"<!-- This site is optimized with the Yoast SEO plugin v27.4 - https:\/\/yoast.com\/product\/yoast-seo-wordpress\/ -->\n<title>Tango unter freiem Himmel - Tango Bohemio e.V., Tango Bielefeld<\/title>\n<meta name=\"robots\" content=\"index, follow, max-snippet:-1, max-image-preview:large, max-video-preview:-1\" \/>\n<link rel=\"canonical\" href=\"https:\/\/bohemio.de\/wp\/2018\/08\/tango-unter-freiem-himmel\/\" \/>\n<meta property=\"og:locale\" content=\"de_DE\" \/>\n<meta property=\"og:type\" content=\"article\" \/>\n<meta property=\"og:title\" content=\"Tango unter freiem Himmel - Tango Bohemio e.V., Tango Bielefeld\" \/>\n<meta property=\"og:description\" content=\"Tango Bohemio startet in Kooperation mit Tango Vagabundo in die Open-Air Tanzsaison! In diesem Jahr wird gleich doppelt drau\u00dfen geschwooft! Zum vierten Mal wird der Hinterhof des Museums W\u00e4schefabrik in Bielefeld zur Tanzfl\u00e4che unter dem Sternenhimmel. Eine Woche sp\u00e4ter deb\u00fctiert dann die Tangospielwiese vor der Galerie der Disziplinen in Hamm. Ein buntes Programm erwartet Euch: [&hellip;]\" \/>\n<meta property=\"og:url\" content=\"https:\/\/bohemio.de\/wp\/2018\/08\/tango-unter-freiem-himmel\/\" \/>\n<meta property=\"og:site_name\" content=\"Tango Bohemio e.V., Tango Bielefeld\" \/>\n<meta property=\"article:publisher\" content=\"https:\/\/www.facebook.com\/bohemioev\" \/>\n<meta property=\"article:published_time\" content=\"2018-08-13T20:51:16+00:00\" \/>\n<meta property=\"article:modified_time\" content=\"2019-09-12T15:04:31+00:00\" \/>\n<meta property=\"og:image\" content=\"https:\/\/bohemio.de\/wp\/wp-content\/uploads\/2018\/08\/th-15093212398-1678x1120.jpg\" \/>\n\t<meta property=\"og:image:width\" content=\"1678\" \/>\n\t<meta property=\"og:image:height\" content=\"1120\" \/>\n\t<meta property=\"og:image:type\" content=\"image\/jpeg\" \/>\n<meta name=\"author\" content=\"admin\" \/>\n<meta name=\"twitter:card\" content=\"summary_large_image\" \/>\n<meta name=\"twitter:label1\" content=\"Verfasst von\" \/>\n\t<meta name=\"twitter:data1\" content=\"admin\" \/>\n\t<meta name=\"twitter:label2\" content=\"Gesch\u00e4tzte Lesezeit\" \/>\n\t<meta name=\"twitter:data2\" content=\"1\u00a0Minute\" \/>\n<script type=\"application\/ld+json\" class=\"yoast-schema-graph\">{\"@context\":\"https:\\\/\\\/schema.org\",\"@graph\":[{\"@type\":\"Article\",\"@id\":\"https:\\\/\\\/bohemio.de\\\/wp\\\/2018\\\/08\\\/tango-unter-freiem-himmel\\\/#article\",\"isPartOf\":{\"@id\":\"https:\\\/\\\/bohemio.de\\\/wp\\\/2018\\\/08\\\/tango-unter-freiem-himmel\\\/\"},\"author\":{\"name\":\"admin\",\"@id\":\"https:\\\/\\\/bohemio.de\\\/wp\\\/#\\\/schema\\\/person\\\/405fbba1d73f43f8ae5018f390d36ec3\"},\"headline\":\"Tango unter freiem Himmel\",\"datePublished\":\"2018-08-13T20:51:16+00:00\",\"dateModified\":\"2019-09-12T15:04:31+00:00\",\"mainEntityOfPage\":{\"@id\":\"https:\\\/\\\/bohemio.de\\\/wp\\\/2018\\\/08\\\/tango-unter-freiem-himmel\\\/\"},\"wordCount\":158,\"commentCount\":0,\"publisher\":{\"@id\":\"https:\\\/\\\/bohemio.de\\\/wp\\\/#organization\"},\"image\":{\"@id\":\"https:\\\/\\\/bohemio.de\\\/wp\\\/2018\\\/08\\\/tango-unter-freiem-himmel\\\/#primaryimage\"},\"thumbnailUrl\":\"https:\\\/\\\/bohemio.de\\\/wp\\\/wp-content\\\/uploads\\\/2018\\\/08\\\/th-15093212398-1678x1120.jpg\",\"articleSection\":[\"Milonga\",\"Veranstaltung\"],\"inLanguage\":\"de\",\"potentialAction\":[{\"@type\":\"CommentAction\",\"name\":\"Comment\",\"target\":[\"https:\\\/\\\/bohemio.de\\\/wp\\\/2018\\\/08\\\/tango-unter-freiem-himmel\\\/#respond\"]}]},{\"@type\":\"WebPage\",\"@id\":\"https:\\\/\\\/bohemio.de\\\/wp\\\/2018\\\/08\\\/tango-unter-freiem-himmel\\\/\",\"url\":\"https:\\\/\\\/bohemio.de\\\/wp\\\/2018\\\/08\\\/tango-unter-freiem-himmel\\\/\",\"name\":\"Tango unter freiem Himmel - Tango Bohemio e.V., Tango Bielefeld\",\"isPartOf\":{\"@id\":\"https:\\\/\\\/bohemio.de\\\/wp\\\/#website\"},\"primaryImageOfPage\":{\"@id\":\"https:\\\/\\\/bohemio.de\\\/wp\\\/2018\\\/08\\\/tango-unter-freiem-himmel\\\/#primaryimage\"},\"image\":{\"@id\":\"https:\\\/\\\/bohemio.de\\\/wp\\\/2018\\\/08\\\/tango-unter-freiem-himmel\\\/#primaryimage\"},\"thumbnailUrl\":\"https:\\\/\\\/bohemio.de\\\/wp\\\/wp-content\\\/uploads\\\/2018\\\/08\\\/th-15093212398-1678x1120.jpg\",\"datePublished\":\"2018-08-13T20:51:16+00:00\",\"dateModified\":\"2019-09-12T15:04:31+00:00\",\"breadcrumb\":{\"@id\":\"https:\\\/\\\/bohemio.de\\\/wp\\\/2018\\\/08\\\/tango-unter-freiem-himmel\\\/#breadcrumb\"},\"inLanguage\":\"de\",\"potentialAction\":[{\"@type\":\"ReadAction\",\"target\":[\"https:\\\/\\\/bohemio.de\\\/wp\\\/2018\\\/08\\\/tango-unter-freiem-himmel\\\/\"]}]},{\"@type\":\"ImageObject\",\"inLanguage\":\"de\",\"@id\":\"https:\\\/\\\/bohemio.de\\\/wp\\\/2018\\\/08\\\/tango-unter-freiem-himmel\\\/#primaryimage\",\"url\":\"https:\\\/\\\/bohemio.de\\\/wp\\\/wp-content\\\/uploads\\\/2018\\\/08\\\/th-15093212398-1678x1120.jpg\",\"contentUrl\":\"https:\\\/\\\/bohemio.de\\\/wp\\\/wp-content\\\/uploads\\\/2018\\\/08\\\/th-15093212398-1678x1120.jpg\",\"width\":1678,\"height\":1120},{\"@type\":\"BreadcrumbList\",\"@id\":\"https:\\\/\\\/bohemio.de\\\/wp\\\/2018\\\/08\\\/tango-unter-freiem-himmel\\\/#breadcrumb\",\"itemListElement\":[{\"@type\":\"ListItem\",\"position\":1,\"name\":\"Startseite\",\"item\":\"https:\\\/\\\/bohemio.de\\\/wp\\\/\"},{\"@type\":\"ListItem\",\"position\":2,\"name\":\"Tango unter freiem Himmel\"}]},{\"@type\":\"WebSite\",\"@id\":\"https:\\\/\\\/bohemio.de\\\/wp\\\/#website\",\"url\":\"https:\\\/\\\/bohemio.de\\\/wp\\\/\",\"name\":\"Tango Bohemio e.V., Tango Bielefeld\",\"description\":\"Verein f\u00fcr kreativen Tango in Bielefeld, Ahlen und Umgebung\",\"publisher\":{\"@id\":\"https:\\\/\\\/bohemio.de\\\/wp\\\/#organization\"},\"potentialAction\":[{\"@type\":\"SearchAction\",\"target\":{\"@type\":\"EntryPoint\",\"urlTemplate\":\"https:\\\/\\\/bohemio.de\\\/wp\\\/?s={search_term_string}\"},\"query-input\":{\"@type\":\"PropertyValueSpecification\",\"valueRequired\":true,\"valueName\":\"search_term_string\"}}],\"inLanguage\":\"de\"},{\"@type\":\"Organization\",\"@id\":\"https:\\\/\\\/bohemio.de\\\/wp\\\/#organization\",\"name\":\"Tango Bohemio e.V., Tango Bielefeld\",\"url\":\"https:\\\/\\\/bohemio.de\\\/wp\\\/\",\"logo\":{\"@type\":\"ImageObject\",\"inLanguage\":\"de\",\"@id\":\"https:\\\/\\\/bohemio.de\\\/wp\\\/#\\\/schema\\\/logo\\\/image\\\/\",\"url\":\"https:\\\/\\\/bohemio.de\\\/wp\\\/wp-content\\\/uploads\\\/2019\\\/08\\\/finalLogo_k.png\",\"contentUrl\":\"https:\\\/\\\/bohemio.de\\\/wp\\\/wp-content\\\/uploads\\\/2019\\\/08\\\/finalLogo_k.png\",\"width\":430,\"height\":172,\"caption\":\"Tango Bohemio e.V., Tango Bielefeld\"},\"image\":{\"@id\":\"https:\\\/\\\/bohemio.de\\\/wp\\\/#\\\/schema\\\/logo\\\/image\\\/\"},\"sameAs\":[\"https:\\\/\\\/www.facebook.com\\\/bohemioev\"]},{\"@type\":\"Person\",\"@id\":\"https:\\\/\\\/bohemio.de\\\/wp\\\/#\\\/schema\\\/person\\\/405fbba1d73f43f8ae5018f390d36ec3\",\"name\":\"admin\",\"image\":{\"@type\":\"ImageObject\",\"inLanguage\":\"de\",\"@id\":\"https:\\\/\\\/secure.gravatar.com\\\/avatar\\\/6e3f57479cac9d6d3e56c37380d39afb4b9deeb3b4d11d269e647d86f494b5ea?s=96&d=mm&r=g\",\"url\":\"https:\\\/\\\/secure.gravatar.com\\\/avatar\\\/6e3f57479cac9d6d3e56c37380d39afb4b9deeb3b4d11d269e647d86f494b5ea?s=96&d=mm&r=g\",\"contentUrl\":\"https:\\\/\\\/secure.gravatar.com\\\/avatar\\\/6e3f57479cac9d6d3e56c37380d39afb4b9deeb3b4d11d269e647d86f494b5ea?s=96&d=mm&r=g\",\"caption\":\"admin\"},\"url\":\"https:\\\/\\\/bohemio.de\\\/wp\\\/author\\\/admin_ycdq0kuv\\\/\"}]}<\/script>\n<!-- \/ Yoast SEO plugin. -->","yoast_head_json":{"title":"Tango unter freiem Himmel - Tango Bohemio e.V., Tango Bielefeld","robots":{"index":"index","follow":"follow","max-snippet":"max-snippet:-1","max-image-preview":"max-image-preview:large","max-video-preview":"max-video-preview:-1"},"canonical":"https:\/\/bohemio.de\/wp\/2018\/08\/tango-unter-freiem-himmel\/","og_locale":"de_DE","og_type":"article","og_title":"Tango unter freiem Himmel - Tango Bohemio e.V., Tango Bielefeld","og_description":"Tango Bohemio startet in Kooperation mit Tango Vagabundo in die Open-Air Tanzsaison! In diesem Jahr wird gleich doppelt drau\u00dfen geschwooft! Zum vierten Mal wird der Hinterhof des Museums W\u00e4schefabrik in Bielefeld zur Tanzfl\u00e4che unter dem Sternenhimmel. Eine Woche sp\u00e4ter deb\u00fctiert dann die Tangospielwiese vor der Galerie der Disziplinen in Hamm. Ein buntes Programm erwartet Euch: [&hellip;]","og_url":"https:\/\/bohemio.de\/wp\/2018\/08\/tango-unter-freiem-himmel\/","og_site_name":"Tango Bohemio e.V., Tango Bielefeld","article_publisher":"https:\/\/www.facebook.com\/bohemioev","article_published_time":"2018-08-13T20:51:16+00:00","article_modified_time":"2019-09-12T15:04:31+00:00","og_image":[{"width":1678,"height":1120,"url":"https:\/\/bohemio.de\/wp\/wp-content\/uploads\/2018\/08\/th-15093212398-1678x1120.jpg","type":"image\/jpeg"}],"author":"admin","twitter_card":"summary_large_image","twitter_misc":{"Verfasst von":"admin","Gesch\u00e4tzte Lesezeit":"1\u00a0Minute"},"schema":{"@context":"https:\/\/schema.org","@graph":[{"@type":"Article","@id":"https:\/\/bohemio.de\/wp\/2018\/08\/tango-unter-freiem-himmel\/#article","isPartOf":{"@id":"https:\/\/bohemio.de\/wp\/2018\/08\/tango-unter-freiem-himmel\/"},"author":{"name":"admin","@id":"https:\/\/bohemio.de\/wp\/#\/schema\/person\/405fbba1d73f43f8ae5018f390d36ec3"},"headline":"Tango unter freiem Himmel","datePublished":"2018-08-13T20:51:16+00:00","dateModified":"2019-09-12T15:04:31+00:00","mainEntityOfPage":{"@id":"https:\/\/bohemio.de\/wp\/2018\/08\/tango-unter-freiem-himmel\/"},"wordCount":158,"commentCount":0,"publisher":{"@id":"https:\/\/bohemio.de\/wp\/#organization"},"image":{"@id":"https:\/\/bohemio.de\/wp\/2018\/08\/tango-unter-freiem-himmel\/#primaryimage"},"thumbnailUrl":"https:\/\/bohemio.de\/wp\/wp-content\/uploads\/2018\/08\/th-15093212398-1678x1120.jpg","articleSection":["Milonga","Veranstaltung"],"inLanguage":"de","potentialAction":[{"@type":"CommentAction","name":"Comment","target":["https:\/\/bohemio.de\/wp\/2018\/08\/tango-unter-freiem-himmel\/#respond"]}]},{"@type":"WebPage","@id":"https:\/\/bohemio.de\/wp\/2018\/08\/tango-unter-freiem-himmel\/","url":"https:\/\/bohemio.de\/wp\/2018\/08\/tango-unter-freiem-himmel\/","name":"Tango unter freiem Himmel - Tango Bohemio e.V., Tango Bielefeld","isPartOf":{"@id":"https:\/\/bohemio.de\/wp\/#website"},"primaryImageOfPage":{"@id":"https:\/\/bohemio.de\/wp\/2018\/08\/tango-unter-freiem-himmel\/#primaryimage"},"image":{"@id":"https:\/\/bohemio.de\/wp\/2018\/08\/tango-unter-freiem-himmel\/#primaryimage"},"thumbnailUrl":"https:\/\/bohemio.de\/wp\/wp-content\/uploads\/2018\/08\/th-15093212398-1678x1120.jpg","datePublished":"2018-08-13T20:51:16+00:00","dateModified":"2019-09-12T15:04:31+00:00","breadcrumb":{"@id":"https:\/\/bohemio.de\/wp\/2018\/08\/tango-unter-freiem-himmel\/#breadcrumb"},"inLanguage":"de","potentialAction":[{"@type":"ReadAction","target":["https:\/\/bohemio.de\/wp\/2018\/08\/tango-unter-freiem-himmel\/"]}]},{"@type":"ImageObject","inLanguage":"de","@id":"https:\/\/bohemio.de\/wp\/2018\/08\/tango-unter-freiem-himmel\/#primaryimage","url":"https:\/\/bohemio.de\/wp\/wp-content\/uploads\/2018\/08\/th-15093212398-1678x1120.jpg","contentUrl":"https:\/\/bohemio.de\/wp\/wp-content\/uploads\/2018\/08\/th-15093212398-1678x1120.jpg","width":1678,"height":1120},{"@type":"BreadcrumbList","@id":"https:\/\/bohemio.de\/wp\/2018\/08\/tango-unter-freiem-himmel\/#breadcrumb","itemListElement":[{"@type":"ListItem","position":1,"name":"Startseite","item":"https:\/\/bohemio.de\/wp\/"},{"@type":"ListItem","position":2,"name":"Tango unter freiem Himmel"}]},{"@type":"WebSite","@id":"https:\/\/bohemio.de\/wp\/#website","url":"https:\/\/bohemio.de\/wp\/","name":"Tango Bohemio e.V., Tango Bielefeld","description":"Verein f\u00fcr kreativen Tango in Bielefeld, Ahlen und Umgebung","publisher":{"@id":"https:\/\/bohemio.de\/wp\/#organization"},"potentialAction":[{"@type":"SearchAction","target":{"@type":"EntryPoint","urlTemplate":"https:\/\/bohemio.de\/wp\/?s={search_term_string}"},"query-input":{"@type":"PropertyValueSpecification","valueRequired":true,"valueName":"search_term_string"}}],"inLanguage":"de"},{"@type":"Organization","@id":"https:\/\/bohemio.de\/wp\/#organization","name":"Tango Bohemio e.V., Tango Bielefeld","url":"https:\/\/bohemio.de\/wp\/","logo":{"@type":"ImageObject","inLanguage":"de","@id":"https:\/\/bohemio.de\/wp\/#\/schema\/logo\/image\/","url":"https:\/\/bohemio.de\/wp\/wp-content\/uploads\/2019\/08\/finalLogo_k.png","contentUrl":"https:\/\/bohemio.de\/wp\/wp-content\/uploads\/2019\/08\/finalLogo_k.png","width":430,"height":172,"caption":"Tango Bohemio e.V., Tango Bielefeld"},"image":{"@id":"https:\/\/bohemio.de\/wp\/#\/schema\/logo\/image\/"},"sameAs":["https:\/\/www.facebook.com\/bohemioev"]},{"@type":"Person","@id":"https:\/\/bohemio.de\/wp\/#\/schema\/person\/405fbba1d73f43f8ae5018f390d36ec3","name":"admin","image":{"@type":"ImageObject","inLanguage":"de","@id":"https:\/\/secure.gravatar.com\/avatar\/6e3f57479cac9d6d3e56c37380d39afb4b9deeb3b4d11d269e647d86f494b5ea?s=96&d=mm&r=g","url":"https:\/\/secure.gravatar.com\/avatar\/6e3f57479cac9d6d3e56c37380d39afb4b9deeb3b4d11d269e647d86f494b5ea?s=96&d=mm&r=g","contentUrl":"https:\/\/secure.gravatar.com\/avatar\/6e3f57479cac9d6d3e56c37380d39afb4b9deeb3b4d11d269e647d86f494b5ea?s=96&d=mm&r=g","caption":"admin"},"url":"https:\/\/bohemio.de\/wp\/author\/admin_ycdq0kuv\/"}]}},"_links":{"self":[{"href":"https:\/\/bohemio.de\/wp\/wp-json\/wp\/v2\/posts\/209","targetHints":{"allow":["GET"]}}],"collection":[{"href":"https:\/\/bohemio.de\/wp\/wp-json\/wp\/v2\/posts"}],"about":[{"href":"https:\/\/bohemio.de\/wp\/wp-json\/wp\/v2\/types\/post"}],"author":[{"embeddable":true,"href":"https:\/\/bohemio.de\/wp\/wp-json\/wp\/v2\/users\/1"}],"replies":[{"embeddable":true,"href":"https:\/\/bohemio.de\/wp\/wp-json\/wp\/v2\/comments?post=209"}],"version-history":[{"count":0,"href":"https:\/\/bohemio.de\/wp\/wp-json\/wp\/v2\/posts\/209\/revisions"}],"wp:featuredmedia":[{"embeddable":true,"href":"https:\/\/bohemio.de\/wp\/wp-json\/wp\/v2\/media\/463"}],"wp:attachment":[{"href":"https:\/\/bohemio.de\/wp\/wp-json\/wp\/v2\/media?parent=209"}],"wp:term":[{"taxonomy":"category","embeddable":true,"href":"https:\/\/bohemio.de\/wp\/wp-json\/wp\/v2\/categories?post=209"},{"taxonomy":"post_tag","embeddable":true,"href":"https:\/\/bohemio.de\/wp\/wp-json\/wp\/v2\/tags?post=209"}],"curies":[{"name":"wp","href":"https:\/\/api.w.org\/{rel}","templated":true}]}}